{"id":460,"date":"2016-05-17T11:24:01","date_gmt":"2016-05-17T11:24:01","guid":{"rendered":"http:\/\/tenunplanb.com\/blog\/?p=460"},"modified":"2016-06-21T18:53:30","modified_gmt":"2016-06-21T18:53:30","slug":"dia-das-letras-galegas-2016","status":"publish","type":"post","link":"https:\/\/tenunplanb.com\/blog\/dia-das-letras-galegas-2016\/","title":{"rendered":"D\u00eda das letras Galegas 2016"},"content":{"rendered":"<p style=\"text-align: center;\"><strong>MANUEL MAR\u00cdA:<\/strong>\u00a0\u00abGaliza somos n\u00f3s, a xente m\u00e1is a fala, se buscas Galiza, en ti tes que atopala\u00bb.<\/p>\n<p><img loading=\"lazy\" class=\"aligncenter wp-image-461 \" src=\"http:\/\/tenunplanb.com\/blog\/wp-content\/uploads\/2016\/05\/letras-gallegas-2016-planb-agencia-17mayo.jpg\" alt=\"letras-gallegas-2016-planb-agencia-17mayo\" width=\"626\" height=\"293\" srcset=\"https:\/\/tenunplanb.com\/blog\/wp-content\/uploads\/2016\/05\/letras-gallegas-2016-planb-agencia-17mayo.jpg 800w, https:\/\/tenunplanb.com\/blog\/wp-content\/uploads\/2016\/05\/letras-gallegas-2016-planb-agencia-17mayo-300x141.jpg 300w, https:\/\/tenunplanb.com\/blog\/wp-content\/uploads\/2016\/05\/letras-gallegas-2016-planb-agencia-17mayo-768x360.jpg 768w\" sizes=\"(max-width: 626px) 100vw, 626px\" \/><\/p>\n<p style=\"text-align: justify;\">As verbas cre\u00e1ronse para comunicarnos e en Plan B non s\u00f3 preocup\u00e1monos da estratexia ou do <strong>dise\u00f1o de tiendas online<\/strong>, como <strong>agencia de marketing <\/strong>e comunicaci\u00f3n sabemos o valor que debemos darles, as\u00ed como a nosa cultura galega que rinde homenaxe a un grande da literatura que como n\u00f3s tivo un forte compromiso coa cultura galega \u00e9 a nosa comunidade para facela surxir entre as m\u00e1is representativas do mundo. A comunicaci\u00f3n \u00e9 unha das especialidades de <strong>Plan B<\/strong>,<strong> Agencia de marketing digital<\/strong> e cada d\u00eda as xentes que a conformamos traballamos incansablemente sin perder a vocaci\u00f3n como fixo o noso <strong>Manuel Mar\u00eda<\/strong>, que loitou por manter vivas a nosas letras e a nosa lingua.<br \/>\n<!--more--><\/p>\n<p style=\"text-align: justify;\">Hoxe, 17 de maio conmemoramos o 53 aniversario do <strong>D\u00eda das Letras Galegas,<\/strong> lembrando ese 20 de marzo de 1963, cando Manuel G\u00f3mez, Xes\u00fas Ferro e Francisco Fern\u00e1ndez del Riego, membros da Real Academia Galega, presentaron a proposta de que se declarase o d\u00eda 17 de maio de cada ano \u00abD\u00eda das Letra Galegas\u00bb como data para \u00abrecollelo latexo material da actividade intelectual galega\u00bb.<\/p>\n<p style=\"text-align: justify;\">Cada ano, a Real Academia Galega escolle a una personalidade diferente, tom\u00e1ndose en conta que se demandan al menos dez anos dende o seu falecemento, e para o 2016 escoll\u00e9use a <strong>Manuel Mar\u00eda. <\/strong><\/p>\n<p style=\"text-align: justify;\"><strong>UN POUCO DE HISTORIA DA NOSA LINGUA<\/strong><\/p>\n<p style=\"text-align: justify;\">Galicia constit\u00fae xa dende o s\u00e9culo VlII unha unidade pol\u00edtica cos reinos de Asturias e Le\u00f3n. Esta \u00e9 a etapa de maior esplendor da literatura galega. O galego conv\u00e9rtese na l\u00edngua por excelencia da l\u00edrica en case toda a pen\u00ednsula. Propiamente debemos falar de l\u00edrica galego-portuguesa, posto que ata mediados do s\u00e9culo XIV as d\u00faas l\u00ednguas forman un tronco com\u00fan.<\/p>\n<p style=\"text-align: justify;\">No comenzo do s\u00e9culo XIII datan os primeiros documentos literarios en galego. O m\u00e1is antigo dos co\u00f1ecidos actualmente \u00e9 a cantiga sat\u00edrica \u201cOra faz Ora faz ost&#8217;o senhor de Navarra\u00bb de Joam Soares de Pavia, escrita contra o ano 1200 e posteriormente a Noticia de Torto (1211) e o Testamento de Afonso II de Portugal (1214), mostras da prosa tabeli\u00f3nica medieval.<\/p>\n<p style=\"text-align: justify;\">A l\u00edngua galega desaparece co remate da guerra civil e o inicio do franquismo, s\u00f3lo se mant\u00e9n cos literatos que emigraron, as\u00ed como co desenvolvemento en pa\u00edses de Am\u00e9rica latina. A situaci\u00f3n social do galego v\u00eduse agravada coa obrigatoriedade da escolarizaci\u00f3n no nivel b\u00e1sico e, posteriormente, coa popularizaci\u00f3n dos medios de comunicaci\u00f3n, que ti\u00f1an o castel\u00e1n como \u00fanico veh\u00edculo de expresi\u00f3n.<\/p>\n<p style=\"text-align: justify;\">Non \u00e9 ata 1950 cando \u00a0coa creaci\u00f3n da Editorial Galaxia, cando recup\u00e9rase con diversas publicaci\u00f3ns peri\u00f3dicas, evidenciado a validez do idioma para calquer x\u00e9nero ou tem\u00e1tica, e especialmente a partires do 1975, cando Galicia conv\u00e9rtese en Comunidade Aut\u00f3noma, tendo como l\u00ednguas oficiais o galego e o castel\u00e1n. Paralelamente adem\u00e1is, \u00e1 instauraci\u00f3n dunha lexislaci\u00f3n reguladora dos usos do idioma, cumpr\u00eda a elaboraci\u00f3n dunha l\u00edngua est\u00e1ndar. Agora, a \u00a0nosa l\u00edngua est\u00e1 protexida pola lexislaci\u00f3n vixente e ten un elevado n\u00famero de falantes.<\/p>\n<p style=\"text-align: center;\"><strong>MANUEL MARIA, LETRAS GALEGAS 2016<\/strong><\/p>\n<p style=\"text-align: justify;\"><img loading=\"lazy\" class=\"aligncenter wp-image-462 \" src=\"http:\/\/tenunplanb.com\/blog\/wp-content\/uploads\/2016\/05\/manuelmaria-letrasgalegas-2016-planb.jpg\" alt=\"manuelmaria-letrasgalegas-2016-planb\" width=\"619\" height=\"271\" srcset=\"https:\/\/tenunplanb.com\/blog\/wp-content\/uploads\/2016\/05\/manuelmaria-letrasgalegas-2016-planb.jpg 800w, https:\/\/tenunplanb.com\/blog\/wp-content\/uploads\/2016\/05\/manuelmaria-letrasgalegas-2016-planb-300x131.jpg 300w, https:\/\/tenunplanb.com\/blog\/wp-content\/uploads\/2016\/05\/manuelmaria-letrasgalegas-2016-planb-768x336.jpg 768w\" sizes=\"(max-width: 619px) 100vw, 619px\" \/><\/p>\n<p style=\"text-align: justify;\">Manuel Mar\u00eda Fern\u00e1ndez Teixeiro, (1929-2005) naceu en Lugo, pero estivo gran parte da s\u00faa vida en Monforte de Lemos e A Coru\u00f1a.\u00a0 Foi un poeta e narrador \u00a0de car\u00e1cter combativo e con compromiso po\u00e9tico. Publicou o seu primeiro poemario no ano 1950. Participou nos partidos nacionalistas galegos mentras colaboraba con numerosas organizaci\u00f3ns dedicadas \u00e1 recuperaci\u00f3n da cultura galega. En 1979 foi elexido concelleiro de Monforte de Lemos, pero en 1985 abandonou o seu cargo p\u00fablico, sen deixar a militancia pol\u00edtica, dedic\u00e1ndose de cheo \u00e1 actividade literaria e cultural. O seu legado o conforman m\u00e1is de 45 obras que representan a \u00abconciencia\u00bb \u00e9 \u00abcompromiso inquebrantable\u00bb coa l\u00edngua galega.<\/p>\n<p style=\"text-align: justify;\">Para rematar, citamos parte dunha das s\u00faas obras, refer\u00edndonos a nosa celebraci\u00f3n no D\u00eda das Letras Galegas:<\/p>\n<p style=\"text-align: justify;\">\u201cE se deixamos morrer a palabra, o universo enteiro, d\u00f3ese de orfandade e desamparo.\u201d De\u00a0<em>As L\u00facidas L\u00faas de Outono<\/em>, 1988. Manuel Mar\u00eda.<\/p>\n<p style=\"text-align: justify;\">Dende <strong>Plan B<\/strong>, expertos en <strong>dise\u00f1o web Vigo<\/strong> d\u00e1moslle os parab\u00e9ns a todolos galegos e a todos aqueles que, sendo de fora, viven e aprecian do noso marabilloso pa\u00eds no D\u00eda das Letras Galegas 2016!<\/p>\n<p style=\"text-align: justify;\">\n","protected":false},"excerpt":{"rendered":"<p>MANUEL MAR\u00cdA:\u00a0\u00abGaliza somos n\u00f3s, a xente m\u00e1is a fala, se buscas Galiza, en ti tes que atopala\u00bb. As verbas cre\u00e1ronse para comunicarnos e en Plan B non s\u00f3 preocup\u00e1monos da estratexia ou do dise\u00f1o de tiendas online, como agencia de marketing e comunicaci\u00f3n sabemos o valor que debemos darles, as\u00ed como a nosa cultura galega [&hellip;]<\/p>\n","protected":false},"author":1,"featured_media":0,"comment_status":"open","ping_status":"open","sticky":false,"template":"","format":"standard","meta":[],"categories":[1],"tags":[],"_links":{"self":[{"href":"https:\/\/tenunplanb.com\/blog\/wp-json\/wp\/v2\/posts\/460"}],"collection":[{"href":"https:\/\/tenunplanb.com\/blog\/wp-json\/wp\/v2\/posts"}],"about":[{"href":"https:\/\/tenunplanb.com\/blog\/wp-json\/wp\/v2\/types\/post"}],"author":[{"embeddable":true,"href":"https:\/\/tenunplanb.com\/blog\/wp-json\/wp\/v2\/users\/1"}],"replies":[{"embeddable":true,"href":"https:\/\/tenunplanb.com\/blog\/wp-json\/wp\/v2\/comments?post=460"}],"version-history":[{"count":6,"href":"https:\/\/tenunplanb.com\/blog\/wp-json\/wp\/v2\/posts\/460\/revisions"}],"predecessor-version":[{"id":562,"href":"https:\/\/tenunplanb.com\/blog\/wp-json\/wp\/v2\/posts\/460\/revisions\/562"}],"wp:attachment":[{"href":"https:\/\/tenunplanb.com\/blog\/wp-json\/wp\/v2\/media?parent=460"}],"wp:term":[{"taxonomy":"category","embeddable":true,"href":"https:\/\/tenunplanb.com\/blog\/wp-json\/wp\/v2\/categories?post=460"},{"taxonomy":"post_tag","embeddable":true,"href":"https:\/\/tenunplanb.com\/blog\/wp-json\/wp\/v2\/tags?post=460"}],"curies":[{"name":"wp","href":"https:\/\/api.w.org\/{rel}","templated":true}]}}